{"id":4365,"date":"2024-07-07T08:30:35","date_gmt":"2024-07-07T08:30:35","guid":{"rendered":"https:\/\/www.mobildisplay.hu\/?p=4365"},"modified":"2025-03-23T13:57:49","modified_gmt":"2025-03-23T13:57:49","slug":"ha-szabadter-akkor-tepozaras-textil-sajtofal","status":"publish","type":"post","link":"https:\/\/www.mobildisplay.hu\/index.php\/2024\/07\/07\/ha-szabadter-akkor-tepozaras-textil-sajtofal\/","title":{"rendered":"Ha szabadt\u00e9r, akkor textil sajt\u00f3fal!"},"content":{"rendered":"\t\t<div data-elementor-type=\"wp-post\" data-elementor-id=\"4365\" class=\"elementor elementor-4365\">\n\t\t\t\t\t\t<section class=\"elementor-section elementor-top-section elementor-element elementor-element-5b4644c elementor-section-boxed elementor-section-height-default elementor-section-height-default\" data-id=\"5b4644c\" data-element_type=\"section\">\n\t\t\t\t\t\t<div class=\"elementor-container elementor-column-gap-default\">\n\t\t\t\t\t<div class=\"elementor-column elementor-col-100 elementor-top-column elementor-element elementor-element-a4cd144\" data-id=\"a4cd144\" data-element_type=\"column\">\n\t\t\t<div class=\"elementor-widget-wrap elementor-element-populated\">\n\t\t\t\t\t\t<div class=\"elementor-element elementor-element-86f29e5 elementor-widget elementor-widget-text-editor\" data-id=\"86f29e5\" data-element_type=\"widget\" data-widget_type=\"text-editor.default\">\n\t\t\t\t<div class=\"elementor-widget-container\">\n\t\t\t\t\t\t\t<p>Amennyiben szabadt\u00e9ri rendezv\u00e9nyt vagy ki\u00e1ll\u00edt\u00e1st szervez, \u00e9s fontos, hogy az esem\u00e9nye figyelemfelkelt\u0151 \u00e9s professzion\u00e1lis megjelen\u00e9st kapjon, a textil pop-up sajt\u00f3fal ide\u00e1lis v\u00e1laszt\u00e1s. Legyen sz\u00f3 sajt\u00f3t\u00e1j\u00e9koztat\u00f3r\u00f3l, prom\u00f3ci\u00f3s esem\u00e9nyr\u0151l vagy term\u00e9kbemutat\u00f3r\u00f3l, a textil sajt\u00f3fal olyan praktikus \u00e9s l\u00e1tv\u00e1nyos megold\u00e1st k\u00edn\u00e1l, amely nemcsak t\u00f6k\u00e9letes h\u00e1tt\u00e9rk\u00e9nt szolg\u00e1l, hanem kiemeli rendezv\u00e9ny\u00e9nek egyedis\u00e9g\u00e9t.<\/p><p class=\"\" data-start=\"508\" data-end=\"547\"><strong data-start=\"508\" data-end=\"547\">Mi\u00e9rt v\u00e1lassza a textil sajt\u00f3falat?<\/strong><\/p><p class=\"\" data-start=\"549\" data-end=\"866\"><strong data-start=\"549\" data-end=\"573\">L\u00e1tv\u00e1nyos megjelen\u00e9s<\/strong><br data-start=\"573\" data-end=\"576\" \/>A textil anyag eleg\u00e1ns \u00e9s modern megjelen\u00e9st biztos\u00edt. A k\u00e9toldalas grafikai lehet\u0151s\u00e9geknek k\u00f6sz\u00f6nhet\u0151en rendezv\u00e9nye minden ir\u00e1nyb\u00f3l vonz\u00f3 \u00e9s figyelemfelkelt\u0151 lesz. A l\u00e1togat\u00f3k t\u00e1volr\u00f3l is k\u00f6nnyed\u00e9n \u00e9szreveszik az \u00fczenetet, \u00edgy maxim\u00e1lisan kihaszn\u00e1lhatja a rekl\u00e1mfel\u00fclet adta lehet\u0151s\u00e9geket.<\/p><p class=\"\" data-start=\"868\" data-end=\"1207\"><strong data-start=\"868\" data-end=\"915\">K\u00f6nny\u0171 sz\u00e1ll\u00edthat\u00f3s\u00e1g \u00e9s egyszer\u0171 haszn\u00e1lat<\/strong><br data-start=\"915\" data-end=\"918\" \/>A textil pop-up falak \u00f6ssze\u00e1ll\u00edt\u00e1sa mind\u00f6ssze p\u00e1r percet vesz ig\u00e9nybe. Az alum\u00ednium szerkezetnek k\u00f6sz\u00f6nhet\u0151en k\u00f6nnyen sz\u00e1ll\u00edthat\u00f3, \u00e9s minimaliz\u00e1lja a t\u00e1rol\u00e1si ig\u00e9nyeket. Ha t\u00f6bb helysz\u00ednen is haszn\u00e1lni k\u00edv\u00e1nja, akkor a k\u00f6nny\u0171 sz\u00e1ll\u00edthat\u00f3s\u00e1g \u00e9s egyszer\u0171 kezelhet\u0151s\u00e9g k\u00fcl\u00f6n\u00f6sen fontos el\u0151ny.<\/p><p class=\"\" data-start=\"1209\" data-end=\"1547\"><strong data-start=\"1209\" data-end=\"1241\">Rugalmas grafikai megold\u00e1sok<\/strong><br data-start=\"1241\" data-end=\"1244\" \/>A t\u00e9p\u0151z\u00e1ras textilfel\u00fclet lehet\u0151v\u00e9 teszi a gyors grafikai cser\u00e9t, \u00edgy folyamatosan friss\u00edtheti \u00fczenet\u00e9t, alkalmazkodva a rendezv\u00e9nyek v\u00e1ltoz\u00f3 ig\u00e9nyeihez. A pop-up falak t\u00f6bbf\u00e9le form\u00e1ban is elhelyezhet\u0151k, p\u00e9ld\u00e1ul hossz\u00fa vagy \u201eL\u201d alak\u00fa install\u00e1ci\u00f3kban, maxim\u00e1lisan kihaszn\u00e1lva a rendelkez\u00e9sre \u00e1ll\u00f3 teret.<\/p>\t\t\t\t\t\t<\/div>\n\t\t\t\t<\/div>\n\t\t\t\t<section class=\"elementor-section elementor-inner-section elementor-element elementor-element-c5bbd4f elementor-section-boxed elementor-section-height-default elementor-section-height-default\" data-id=\"c5bbd4f\" data-element_type=\"section\">\n\t\t\t\t\t\t<div class=\"elementor-container elementor-column-gap-default\">\n\t\t\t\t\t<div class=\"elementor-column elementor-col-50 elementor-inner-column elementor-element elementor-element-b6beef3\" data-id=\"b6beef3\" data-element_type=\"column\">\n\t\t\t<div class=\"elementor-widget-wrap elementor-element-populated\">\n\t\t\t\t\t\t<div class=\"elementor-element elementor-element-07529bf elementor-widget elementor-widget-image\" data-id=\"07529bf\" data-element_type=\"widget\" data-widget_type=\"image.default\">\n\t\t\t\t<div class=\"elementor-widget-container\">\n\t\t\t\t\t\t\t\t\t\t<figure class=\"wp-caption\">\n\t\t\t\t\t\t\t\t\t\t<img decoding=\"async\" src=\"https:\/\/www.mobildisplay.hu\/wp-content\/uploads\/elementor\/thumbs\/DSC3745e-qqr1yu7qqseihqvkee5sc4guza0nf9x6zpwivlm7eo.jpg\" title=\"\" alt=\"\" loading=\"lazy\" \/>\t\t\t\t\t\t\t\t\t\t\t<figcaption class=\"widget-image-caption wp-caption-text\"><\/figcaption>\n\t\t\t\t\t\t\t\t\t\t<\/figure>\n\t\t\t\t\t\t\t<\/div>\n\t\t\t\t<\/div>\n\t\t\t\t\t<\/div>\n\t\t<\/div>\n\t\t\t\t<div class=\"elementor-column elementor-col-50 elementor-inner-column elementor-element elementor-element-82e74ad\" data-id=\"82e74ad\" data-element_type=\"column\">\n\t\t\t<div class=\"elementor-widget-wrap elementor-element-populated\">\n\t\t\t\t\t\t<div class=\"elementor-element elementor-element-77c3514 elementor-widget elementor-widget-image\" data-id=\"77c3514\" data-element_type=\"widget\" data-widget_type=\"image.default\">\n\t\t\t\t<div class=\"elementor-widget-container\">\n\t\t\t\t\t\t\t\t\t\t<figure class=\"wp-caption\">\n\t\t\t\t\t\t\t\t\t\t<img decoding=\"async\" src=\"https:\/\/www.mobildisplay.hu\/wp-content\/uploads\/elementor\/thumbs\/DSC00140e-e1720341096863-qqr2w1ug81viy1azmsbgpao6sbjn17rcuuh2c1mwow.jpg\" title=\"\" alt=\"\" loading=\"lazy\" \/>\t\t\t\t\t\t\t\t\t\t\t<figcaption class=\"widget-image-caption wp-caption-text\">A t\u00e9p\u0151z\u00e1ras felhelyez\u00e9s miatt a sz\u00e9l sem lehet akad\u00e1ly! A textil sajt\u00f3fal stabilit\u00e1s\u00e1t a szerkezet l\u00e1b\u00e1ra helyezett homokzs\u00e1kokkal lehet tov\u00e1bb er\u0151s\u00edteni.<\/figcaption>\n\t\t\t\t\t\t\t\t\t\t<\/figure>\n\t\t\t\t\t\t\t<\/div>\n\t\t\t\t<\/div>\n\t\t\t\t\t<\/div>\n\t\t<\/div>\n\t\t\t\t\t<\/div>\n\t\t<\/section>\n\t\t\t\t\t<\/div>\n\t\t<\/div>\n\t\t\t\t\t<\/div>\n\t\t<\/section>\n\t\t\t\t<section class=\"elementor-section elementor-top-section elementor-element elementor-element-eef2e8c elementor-section-boxed elementor-section-height-default elementor-section-height-default\" data-id=\"eef2e8c\" data-element_type=\"section\">\n\t\t\t\t\t\t<div class=\"elementor-container elementor-column-gap-default\">\n\t\t\t\t\t<div class=\"elementor-column elementor-col-100 elementor-top-column elementor-element elementor-element-6d75e0a\" data-id=\"6d75e0a\" data-element_type=\"column\">\n\t\t\t<div class=\"elementor-widget-wrap elementor-element-populated\">\n\t\t\t\t\t\t<div class=\"elementor-element elementor-element-aca5437 elementor-widget elementor-widget-text-editor\" data-id=\"aca5437\" data-element_type=\"widget\" data-widget_type=\"text-editor.default\">\n\t\t\t\t<div class=\"elementor-widget-container\">\n\t\t\t\t\t\t\t<p class=\"\" data-start=\"1554\" data-end=\"1611\"><strong data-start=\"1554\" data-end=\"1611\">A sikeres rendezv\u00e9nyekhez elengedhetetlen kieg\u00e9sz\u00edt\u0151k<\/strong><\/p><p class=\"\" data-start=\"1613\" data-end=\"1785\">A textil pop-up sajt\u00f3falak nemcsak \u00f6n\u00e1ll\u00f3 rekl\u00e1meszk\u00f6zk\u00e9nt kiemelkednek, hanem k\u00fcl\u00f6nb\u00f6z\u0151 kieg\u00e9sz\u00edt\u0151kkel kombin\u00e1lva m\u00e9g l\u00e1tv\u00e1nyosabb\u00e1 \u00e9s interakt\u00edvabb\u00e1 tehetik rendezv\u00e9ny\u00e9t.<\/p><p class=\"\" data-start=\"1787\" data-end=\"1972\"><strong data-start=\"1787\" data-end=\"1806\">Meg\u00e1ll\u00edt\u00f3t\u00e1bl\u00e1k<\/strong><br data-start=\"1806\" data-end=\"1809\" \/>T\u00f6bb meg\u00e1ll\u00edt\u00f3t\u00e1bl\u00e1val m\u00e1r a bej\u00e1ratn\u00e1l felkeltheti a l\u00e1togat\u00f3k figyelm\u00e9t, n\u00f6velve ezzel az esem\u00e9ny ir\u00e1nti \u00e9rdekl\u0151d\u00e9st \u00e9s seg\u00edtve a g\u00f6rd\u00fcl\u00e9keny inform\u00e1ci\u00f3\u00e1raml\u00e1st.<\/p><p class=\"\" data-start=\"1974\" data-end=\"2192\"><strong data-start=\"1974\" data-end=\"2018\">Strandz\u00e1szl\u00f3k szabadt\u00e9ri rendezv\u00e9nyekhez<\/strong><br data-start=\"2018\" data-end=\"2021\" \/>A strandz\u00e1szl\u00f3k t\u00f6k\u00e9letes v\u00e1laszt\u00e1s szabadt\u00e9ri rendezv\u00e9nyekhez, amelyek messzir\u0151l is k\u00f6nnyen \u00e9szrevehet\u0151k, \u00edgy biztos\u00edtva a l\u00e1togat\u00f3k sz\u00e1m\u00e1ra a rendezv\u00e9ny \u00e9szlelhet\u0151s\u00e9g\u00e9t.<\/p><p class=\"\" data-start=\"2194\" data-end=\"2431\"><strong data-start=\"2194\" data-end=\"2233\">PopUp pultok term\u00e9kek ki\u00e1ll\u00edt\u00e1s\u00e1hoz<\/strong><br data-start=\"2233\" data-end=\"2236\" \/>A PopUp pultok ide\u00e1lisan kieg\u00e9sz\u00edtik a textil sajt\u00f3falakat, \u00e9s t\u00f6k\u00e9letesek a term\u00e9kek bemutat\u00e1s\u00e1ra. \u00cdgy nemcsak a rendezv\u00e9ny h\u00e1ttere v\u00e1lik l\u00e1tv\u00e1nyoss\u00e1, hanem az interakt\u00edv \u00e9lm\u00e9ny is kiemelkedhet.<\/p>\t\t\t\t\t\t<\/div>\n\t\t\t\t<\/div>\n\t\t\t\t<section class=\"elementor-section elementor-inner-section elementor-element elementor-element-4898dba elementor-section-boxed elementor-section-height-default elementor-section-height-default\" data-id=\"4898dba\" data-element_type=\"section\">\n\t\t\t\t\t\t<div class=\"elementor-container elementor-column-gap-default\">\n\t\t\t\t\t<div class=\"elementor-column elementor-col-50 elementor-inner-column elementor-element elementor-element-d6e5426\" data-id=\"d6e5426\" data-element_type=\"column\">\n\t\t\t<div class=\"elementor-widget-wrap elementor-element-populated\">\n\t\t\t\t\t\t<div class=\"elementor-element elementor-element-98972e6 elementor-widget elementor-widget-text-editor\" data-id=\"98972e6\" data-element_type=\"widget\" data-widget_type=\"text-editor.default\">\n\t\t\t\t<div class=\"elementor-widget-container\">\n\t\t\t\t\t\t\t<p><strong data-start=\"489\" data-end=\"537\">Ne hagyja ki ezt az egyed\u00fcl\u00e1ll\u00f3 lehet\u0151s\u00e9get!<\/strong><br data-start=\"537\" data-end=\"540\" \/>A textil pop-up sajt\u00f3fal v\u00e1s\u00e1rl\u00e1sa vagy b\u00e9rl\u00e9se nemcsak egy egyszer\u0171 rekl\u00e1meszk\u00f6zt jelent, hanem egy kulcsfontoss\u00e1g\u00fa eszk\u00f6zt a rendezv\u00e9nye siker\u00e9hez. A k\u00f6nny\u0171 sz\u00e1ll\u00edthat\u00f3s\u00e1g, az egyszer\u0171 \u00f6ssze\u00e1ll\u00edt\u00e1s \u00e9s a leny\u0171g\u00f6z\u0151 megjelen\u00e9s mind hozz\u00e1j\u00e1rulnak ahhoz, hogy rendezv\u00e9nye kiemelkedjen a t\u00f6bbi k\u00f6z\u00fcl. Mindez egy rendk\u00edv\u00fcl k\u00e9nyelmes \u00e9s praktikus megold\u00e1s, amelyet b\u00e1rmilyen esem\u00e9nyhez, ki\u00e1ll\u00edt\u00e1shoz vagy prom\u00f3ci\u00f3s rendezv\u00e9nyhez t\u00f6k\u00e9letesen illeszkedik.<\/p>\t\t\t\t\t\t<\/div>\n\t\t\t\t<\/div>\n\t\t\t\t\t<\/div>\n\t\t<\/div>\n\t\t\t\t<div class=\"elementor-column elementor-col-50 elementor-inner-column elementor-element elementor-element-a7e6829\" data-id=\"a7e6829\" data-element_type=\"column\">\n\t\t\t<div class=\"elementor-widget-wrap elementor-element-populated\">\n\t\t\t\t\t\t<div class=\"elementor-element elementor-element-6b63421 elementor-widget elementor-widget-text-editor\" data-id=\"6b63421\" data-element_type=\"widget\" data-widget_type=\"text-editor.default\">\n\t\t\t\t<div class=\"elementor-widget-container\">\n\t\t\t\t\t\t\t<p><strong data-start=\"2438\" data-end=\"2572\">Tegye k\u00fcl\u00f6nlegess\u00e9 rendezv\u00e9ny\u00e9t! V\u00e1s\u00e1rolja meg vagy b\u00e9relje a textil pop-up sajt\u00f3falat, \u00e9s biztos\u00edtsa a t\u00f6k\u00e9letes rekl\u00e1mfel\u00fcletet!<\/strong><br data-start=\"2572\" data-end=\"2575\" \/>Ne v\u00e1rjon tov\u00e1bb, v\u00e1s\u00e1rolja meg vagy b\u00e9relje a textil pop-up sajt\u00f3falat, \u00e9s biztos\u00edtsa mag\u00e1nak a figyelemfelkelt\u0151 rekl\u00e1mfel\u00fcletet, amely seg\u00edt abban, hogy rendezv\u00e9nye a legnagyobb hat\u00e1st \u00e9rje el. A textil sajt\u00f3fal nemcsak sz\u00e9p, de rendk\u00edv\u00fcl praktikus is, \u00edgy b\u00e1rmilyen esem\u00e9nyhez t\u00f6k\u00e9letes megold\u00e1s, amit hossz\u00fa t\u00e1von is haszn\u00e1lhat. Ne hagyja, hogy m\u00e1sok megel\u0151zz\u00e9k \u2013 tegye meg most a legjobb v\u00e1laszt\u00e1st!<\/p>\t\t\t\t\t\t<\/div>\n\t\t\t\t<\/div>\n\t\t\t\t\t<\/div>\n\t\t<\/div>\n\t\t\t\t\t<\/div>\n\t\t<\/section>\n\t\t\t\t\t<\/div>\n\t\t<\/div>\n\t\t\t\t\t<\/div>\n\t\t<\/section>\n\t\t\t\t<\/div>\n\t\t","protected":false},"excerpt":{"rendered":"<p>Amennyiben szabadt\u00e9ri rendezv\u00e9nyt vagy ki\u00e1ll\u00edt\u00e1st szervez, \u00e9s fontos, hogy az esem\u00e9nye figyelemfelkelt\u0151 \u00e9s professzion\u00e1lis megjelen\u00e9st kapjon, a textil pop-up sajt\u00f3fal ide\u00e1lis v\u00e1laszt\u00e1s. Legyen sz\u00f3 sajt\u00f3t\u00e1j\u00e9koztat\u00f3r\u00f3l,&hellip;<\/p>\n","protected":false},"author":5,"featured_media":4366,"comment_status":"closed","ping_status":"closed","sticky":false,"template":"","format":"standard","meta":{"om_disable_all_campaigns":false,"_monsterinsights_skip_tracking":false,"_monsterinsights_sitenote_active":false,"_monsterinsights_sitenote_note":"","_monsterinsights_sitenote_category":0,"footnotes":""},"categories":[97],"tags":[],"aioseo_notices":[],"_links":{"self":[{"href":"https:\/\/www.mobildisplay.hu\/index.php\/wp-json\/wp\/v2\/posts\/4365"}],"collection":[{"href":"https:\/\/www.mobildisplay.hu\/index.php\/wp-json\/wp\/v2\/posts"}],"about":[{"href":"https:\/\/www.mobildisplay.hu\/index.php\/wp-json\/wp\/v2\/types\/post"}],"author":[{"embeddable":true,"href":"https:\/\/www.mobildisplay.hu\/index.php\/wp-json\/wp\/v2\/users\/5"}],"replies":[{"embeddable":true,"href":"https:\/\/www.mobildisplay.hu\/index.php\/wp-json\/wp\/v2\/comments?post=4365"}],"version-history":[{"count":13,"href":"https:\/\/www.mobildisplay.hu\/index.php\/wp-json\/wp\/v2\/posts\/4365\/revisions"}],"predecessor-version":[{"id":4804,"href":"https:\/\/www.mobildisplay.hu\/index.php\/wp-json\/wp\/v2\/posts\/4365\/revisions\/4804"}],"wp:featuredmedia":[{"embeddable":true,"href":"https:\/\/www.mobildisplay.hu\/index.php\/wp-json\/wp\/v2\/media\/4366"}],"wp:attachment":[{"href":"https:\/\/www.mobildisplay.hu\/index.php\/wp-json\/wp\/v2\/media?parent=4365"}],"wp:term":[{"taxonomy":"category","embeddable":true,"href":"https:\/\/www.mobildisplay.hu\/index.php\/wp-json\/wp\/v2\/categories?post=4365"},{"taxonomy":"post_tag","embeddable":true,"href":"https:\/\/www.mobildisplay.hu\/index.php\/wp-json\/wp\/v2\/tags?post=4365"}],"curies":[{"name":"wp","href":"https:\/\/api.w.org\/{rel}","templated":true}]}}